{"id":18508,"date":"2026-09-03T00:29:06","date_gmt":"2026-09-03T00:29:06","guid":{"rendered":"https:\/\/activecareconnect.prompttechdemohosting.com\/?p=18508"},"modified":"2026-09-03T00:29:50","modified_gmt":"2026-09-03T00:29:50","slug":"nel-monteiro-uma-lenda-da-pimba","status":"publish","type":"post","link":"https:\/\/activecareconnect.prompttechdemohosting.com\/index.php\/2026\/09\/03\/nel-monteiro-uma-lenda-da-pimba\/","title":{"rendered":"Nel Monteiro uma Lenda da Pimba"},"content":{"rendered":"<h1>Nel Monteiro uma Lenda da Pimba<\/h1>\n<p>Poucos nomes do panorama nacional souberam manter-se atuais durante d\u00e9cadas como este cantor de Resende. Nesta biografia percorremos a sua hist\u00f3ria, dos primeiros passos ao sucesso nas festas.<\/p>\n<p>Note-se que tra\u00e7ar este retrato obriga a escolhas. Tent\u00e1mos dar uma vis\u00e3o de conjunto, sem exageros, para quem quer conhec\u00ea-lo melhor.<\/p>\n<p>Nascido em Barr\u00f4, no concelho de Resende, em 1945, Manuel Teixeira Monteiro foi criado entre festas e romarias. Foi esse mundo rural que moldaria a sua m\u00fasica.<\/p>\n<h2>A Can\u00e7\u00e3o Azar na Praia em Detalhe<\/h2>\n<p>Se h\u00e1 uma can\u00e7\u00e3o que simboliza a carreira de Nel Monteiro, \u00e9 sem d\u00favida o incontorn\u00e1vel Azar na Praia. Surgido em plena juventude art\u00edstica, a can\u00e7\u00e3o transformou-se em um verdadeiro fen\u00f3meno.<\/p>\n<p>Nel Monteiro recorda que foi o bilhete premiado da sua vida. A partir da\u00ed, a carreira descolou, e os arraiais reservaram lugar o seu repert\u00f3rio.<\/p>\n<p>Ao contr\u00e1rio do que o nome sugere, o \u00eaxito deu-lhe o golpe de sorte da vida. Com o seu tom c\u00f3mico, conquistou ouvintes de todas as idades, e ainda hoje figura como um cl\u00e1ssico das festas.<\/p>\n<h2>A Mulher da Sua Vida para o Artista<\/h2>\n<p>O tema do amor tem um papel de destaque no percurso e nas can\u00e7\u00f5es do artista. Tanto nos temas, o romance est\u00e1 presente em muitos momentos.<\/p>\n<p>Fora dos palcos, foi esse afeto que o fez seguir em frente, numa fase complicada. Essa viv\u00eancia mostra um lado mais sens\u00edvel.<\/p>\n<p>Por tudo isto, o afeto vai al\u00e9m do palco sendo tamb\u00e9m alicerce. No caso de Nel Monteiro, arte e vida confundem-se a cada refr\u00e3o.<\/p>\n<h2>As D\u00e9cadas de Carreira do Artista<\/h2>\n<p>S\u00e3o d\u00e9cadas que o cantor leva em palco. Nestas d\u00e9cadas, o percurso n\u00e3o foi feito s\u00f3 de aplausos, por\u00e9m a persist\u00eancia sempre falou mais alto.<\/p>\n<p>Para compreender a envergadura deste percurso, \u00e9 \u00fatil elencar passos decisivos:<\/p>\n<ol>\n<li>Os passos iniciais, quando compunha para outros artistas.<\/li>\n<li>O salto profissional em meados dos anos oitenta, com o primeiro grande passo.<\/li>\n<li>O \u00eaxito que o lan\u00e7ou, que o catapultou para a fama.<\/li>\n<li>A cria\u00e7\u00e3o da pr\u00f3pria editora, com presen\u00e7a constante nas festas.<\/li>\n<\/ol>\n<p>Cada fase somou reconhecimento, construindo um nome na cultura nacional.<\/p>\n<h2>A Primog\u00e9nita de Nel Monteiro<\/h2>\n<p>No que toca aos filhos, o cantor construiu fam\u00edlia. A mais velha das filhas nasceu de uma rela\u00e7\u00e3o anterior. Longe dos palcos e das luzes, mant\u00e9m dist\u00e2ncia da ribalta.<\/p>\n<p>Apesar da discri\u00e7\u00e3o, o artista sempre assumiu o amor de pai por elas. Descubra <a href=\"https:\/\/znaki.fm\/pt\/persons\/nel-monteiro\/\">onde ver Nel Monteiro ao vivo nas romarias e nos bailes de aldeia<\/a> este ver\u00e3o para quem quer conhecer melhor o lado humano do artista.<\/p>\n<p>Para l\u00e1 da primog\u00e9nita, o cantor tem ainda uma segunda filha, da vida ao lado da atual esposa. A casa \u00e9 o que mais preza, na vida privada.<\/p>\n<h2>Vamos Funanar e a Influ\u00eancia Africana<\/h2>\n<p>Longe de se limitar \u00e0 pimba de sempre, o int\u00e9rprete explorou batidas mais tropicais. Vamos Funanar ilustra bem essa versatilidade, convocando a energia africana.<\/p>\n<p>Este cruzamento entre a tradi\u00e7\u00e3o nacional e sonoridades de al\u00e9m-mar mostra um artista atento, em permanente evolu\u00e7\u00e3o.<\/p>\n<p>Ao incorporar batidas de al\u00e9m-mar para o p\u00fablico das romarias, o int\u00e9rprete contribuiu para ligar diferentes tradi\u00e7\u00f5es. Para o p\u00fablico lus\u00f3fono no pa\u00eds, estes temas t\u00eam um sabor especial.<\/p>\n<h2>A Esposa Atual de Nel Monteiro<\/h2>\n<p>O cora\u00e7\u00e3o do artista nem sempre foi um mar de rosas. Com a companheira, a quem chama ternamente Juju, Nel Monteiro encontrou um novo alento, depois de tempos dif\u00edceis.<\/p>\n<p>Ele mesmo admitiu publicamente que encontrou nela um apoio. Reservado quanto \u00e0 vida familiar, prefere guardar o essencial para si.<\/p>\n<p>A vida a dois de hoje distingue-se de fases dif\u00edceis. Terminada a primeira uni\u00e3o, o artista come\u00e7ou de novo, mostrando que nunca \u00e9 tarde para recome\u00e7ar.<\/p>\n<h2>O Artista de Palco Nel Monteiro<\/h2>\n<p>Enquanto cantor, este int\u00e9rprete forjou uma identidade \u00fanica. A picardia das suas letras seduziu v\u00e1rias gera\u00e7\u00f5es, do norte ao sul.<\/p>\n<p>Da sua vasta discografia que marcaram \u00e9poca, sobressaem v\u00e1rios sucessos:<\/p>\n<ul>\n<li>O \u00eaxito Azar na Praia, o tema que o lan\u00e7ou.<\/li>\n<li>Os refr\u00f5es mais atrevidos, fi\u00e9is ao seu estilo.<\/li>\n<li>Os ritmos tropicais, frescas e dan\u00e7\u00e1veis.<\/li>\n<li>As can\u00e7\u00f5es de cora\u00e7\u00e3o, que revelam outra faceta.<\/li>\n<\/ul>\n<p>O segredo de Nel Monteiro assenta na liga\u00e7\u00e3o \u00e0s ra\u00edzes. Nunca renegou as origens, de festa em festa, e \u00e9 esse tra\u00e7o que conquista.<\/p>\n<h2>A Idade Atual de Manuel Teixeira Monteiro<\/h2>\n<p>Um dos temas que circula entre os f\u00e3s sobre o artista \u00e9 justamente a idade. Tendo nascido a 11 de maio de 1945, o artista acumula muitos anos, sem perder o gosto pelo palco.<\/p>\n<p>Quem o v\u00ea atuar dificilmente adivinha os anos que j\u00e1 leva. A energia contagiante continuam a ser parte da sua lenda.<\/p>\n<p>Percorrer tantas d\u00e9cadas ainda a cantar torna-se um feito not\u00e1vel. V\u00e1rios artistas do seu tempo penduraram o microfone, mas o cantor mant\u00e9m-se ativo.<\/p>\n<h2>Em Jeito de Conclus\u00e3o sobre Manuel Teixeira Monteiro<\/h2>\n<p>Muito al\u00e9m dos refr\u00f5es divertidos, o artista tornou-se uma figura incontorn\u00e1vel. A sua hist\u00f3ria de resili\u00eancia fica como exemplo, como o seu repert\u00f3rio n\u00e3o deixam de alegrar festas e romarias. Eis o retrato de um artista \u00fanico.<\/p>\n<p>Enquanto o povo dan\u00e7ar, ouvir-se-\u00e1 uma can\u00e7\u00e3o de Nel Monteiro. \u00c9 talvez essa a melhor heran\u00e7a: ficar no cora\u00e7\u00e3o de um povo.<\/p>\n","protected":false},"excerpt":{"rendered":"<p>Nel Monteiro uma Lenda da Pimba Poucos nomes do panorama nacional souberam manter-se atuais durante d\u00e9cadas como este cantor de Resende. Nesta biografia percorremos a sua hist\u00f3ria, dos primeiros passos ao sucesso nas festas. Note-se que tra\u00e7ar este retrato obriga a escolhas. Tent\u00e1mos dar uma vis\u00e3o de conjunto, sem exageros, para quem quer conhec\u00ea-lo melhor. [&hellip;]<\/p>\n","protected":false},"author":1,"featured_media":0,"comment_status":"open","ping_status":"open","sticky":false,"template":"","format":"standard","meta":{"tpgb_global_settings":"","inline_featured_image":false,"footnotes":""},"categories":[49],"tags":[],"class_list":["post-18508","post","type-post","status-publish","format-standard","hentry","category-blog"],"tpgb_featured_images":null,"tpgb_post_meta_info":{"get_date":"September 3, 2026","get_modified_date":"September 3, 2026","category_list":{"category":[{"term_id":49,"name":"Blog","slug":"blog","term_group":0,"term_taxonomy_id":49,"taxonomy":"category","description":"","parent":0,"count":2,"filter":"raw"}],"post_tag":false,"post_format":false},"author_name":"Admin","author_url":"https:\/\/activecareconnect.prompttechdemohosting.com\/index.php\/author\/admin\/","author_email":"remya.s@prompttechglobal.com","author_website":"https:\/\/activecareconnect.prompttechdemohosting.com","author_description":"","author_facebook":"","author_twitter":"","author_instagram":"","author_role":["administrator"],"author_firstname":"","author_lastname":"","user_login":"Admin","author_avatar":"<img alt='' src='https:\/\/secure.gravatar.com\/avatar\/7c4b54a6ee05e7e550404c6d32d04e5413ac03b38445f93349935b8ea5885293?s=200&#038;d=mm&#038;r=g' srcset='https:\/\/secure.gravatar.com\/avatar\/7c4b54a6ee05e7e550404c6d32d04e5413ac03b38445f93349935b8ea5885293?s=400&#038;d=mm&#038;r=g 2x' class='avatar avatar-200 photo' height='200' width='200' decoding='async'\/>","author_avatar_url":"https:\/\/secure.gravatar.com\/avatar\/7c4b54a6ee05e7e550404c6d32d04e5413ac03b38445f93349935b8ea5885293?s=96&d=mm&r=g","comment_count":0,"post_likes":0,"post_views":0},"tpgb_post_category":{"category":"<a href=\"https:\/\/activecareconnect.prompttechdemohosting.com\/index.php\/category\/blog\/\" alt=\"Blog\"  class=\"category-blog\">Blog<\/a> "},"_links":{"self":[{"href":"https:\/\/activecareconnect.prompttechdemohosting.com\/index.php\/wp-json\/wp\/v2\/posts\/18508","targetHints":{"allow":["GET"]}}],"collection":[{"href":"https:\/\/activecareconnect.prompttechdemohosting.com\/index.php\/wp-json\/wp\/v2\/posts"}],"about":[{"href":"https:\/\/activecareconnect.prompttechdemohosting.com\/index.php\/wp-json\/wp\/v2\/types\/post"}],"author":[{"embeddable":true,"href":"https:\/\/activecareconnect.prompttechdemohosting.com\/index.php\/wp-json\/wp\/v2\/users\/1"}],"replies":[{"embeddable":true,"href":"https:\/\/activecareconnect.prompttechdemohosting.com\/index.php\/wp-json\/wp\/v2\/comments?post=18508"}],"version-history":[{"count":1,"href":"https:\/\/activecareconnect.prompttechdemohosting.com\/index.php\/wp-json\/wp\/v2\/posts\/18508\/revisions"}],"predecessor-version":[{"id":18509,"href":"https:\/\/activecareconnect.prompttechdemohosting.com\/index.php\/wp-json\/wp\/v2\/posts\/18508\/revisions\/18509"}],"wp:attachment":[{"href":"https:\/\/activecareconnect.prompttechdemohosting.com\/index.php\/wp-json\/wp\/v2\/media?parent=18508"}],"wp:term":[{"taxonomy":"category","embeddable":true,"href":"https:\/\/activecareconnect.prompttechdemohosting.com\/index.php\/wp-json\/wp\/v2\/categories?post=18508"},{"taxonomy":"post_tag","embeddable":true,"href":"https:\/\/activecareconnect.prompttechdemohosting.com\/index.php\/wp-json\/wp\/v2\/tags?post=18508"}],"curies":[{"name":"wp","href":"https:\/\/api.w.org\/{rel}","templated":true}]}}